{"id":918,"date":"2023-10-22T21:33:00","date_gmt":"2023-10-22T19:33:00","guid":{"rendered":"https:\/\/spturza.pl\/?p=918"},"modified":"2023-11-14T21:44:17","modified_gmt":"2023-11-14T20:44:17","slug":"uroczystosci-patriotyczne-w-dabrach","status":"publish","type":"post","link":"https:\/\/spturza.pl\/index.php\/2023\/10\/22\/uroczystosci-patriotyczne-w-dabrach\/","title":{"rendered":"Uroczysto\u015bci patriotyczne w D\u0105brach"},"content":{"rendered":"\n<p>W dniu 22.10.2023r., delegacja ze Szko\u0142y Podstawowej w Turzy, wzi\u0119\u0142a udzia\u0142 w obchodach upami\u0119tniaj\u0105cych 79. rocznic\u0119 Akcji \u201eBurza\u201d, walki oddzia\u0142u Regina II, Batalionu \u201eBarbara\u201d 16. Pu\u0142ku Armii Krajowej w Rzepienniku Strzy\u017cewskim, na cmentarzu partyzanckim w D\u0105brach. Cze\u015b\u0107 i chwa\u0142a bohaterom. Wieczna pami\u0119\u0107 poleg\u0142ym.<\/p>\n\n\n\n<figure class=\"wp-block-image size-large\"><img fetchpriority=\"high\" decoding=\"async\" width=\"1024\" height=\"768\" src=\"https:\/\/spturza.pl\/wp-content\/uploads\/2023\/11\/IMG-20231022-WA0002-1024x768.jpg\" alt=\"\" class=\"wp-image-919\" srcset=\"https:\/\/spturza.pl\/wp-content\/uploads\/2023\/11\/IMG-20231022-WA0002-1024x768.jpg 1024w, https:\/\/spturza.pl\/wp-content\/uploads\/2023\/11\/IMG-20231022-WA0002-300x225.jpg 300w, https:\/\/spturza.pl\/wp-content\/uploads\/2023\/11\/IMG-20231022-WA0002-768x576.jpg 768w, https:\/\/spturza.pl\/wp-content\/uploads\/2023\/11\/IMG-20231022-WA0002-570x428.jpg 570w, https:\/\/spturza.pl\/wp-content\/uploads\/2023\/11\/IMG-20231022-WA0002.jpg 1200w\" sizes=\"(max-width: 1024px) 100vw, 1024px\" \/><\/figure>\n","protected":false},"excerpt":{"rendered":"<p>W dniu 22.10.2023r., delegacja ze Szko\u0142y Podstawowej w Turzy, wzi\u0119\u0142a udzia\u0142 w obchodach upami\u0119tniaj\u0105cych 79. rocznic\u0119 Akcji \u201eBurza\u201d, walki oddzia\u0142u Regina II, Batalionu \u201eBarbara\u201d 16. Pu\u0142ku Armii Krajowej w Rzepienniku Strzy\u017cewskim, na cmentarzu partyzanckim w D\u0105brach. Cze\u015b\u0107 i chwa\u0142a bohaterom. Wieczna pami\u0119\u0107 poleg\u0142ym.<\/p>\n","protected":false},"author":4,"featured_media":0,"comment_status":"closed","ping_status":"closed","sticky":false,"template":"","format":"standard","meta":{"ngg_post_thumbnail":0,"footnotes":""},"categories":[20],"tags":[],"class_list":["post-918","post","type-post","status-publish","format-standard","hentry","category-aktualnosci","item-wrap"],"_links":{"self":[{"href":"https:\/\/spturza.pl\/index.php\/wp-json\/wp\/v2\/posts\/918","targetHints":{"allow":["GET"]}}],"collection":[{"href":"https:\/\/spturza.pl\/index.php\/wp-json\/wp\/v2\/posts"}],"about":[{"href":"https:\/\/spturza.pl\/index.php\/wp-json\/wp\/v2\/types\/post"}],"author":[{"embeddable":true,"href":"https:\/\/spturza.pl\/index.php\/wp-json\/wp\/v2\/users\/4"}],"replies":[{"embeddable":true,"href":"https:\/\/spturza.pl\/index.php\/wp-json\/wp\/v2\/comments?post=918"}],"version-history":[{"count":1,"href":"https:\/\/spturza.pl\/index.php\/wp-json\/wp\/v2\/posts\/918\/revisions"}],"predecessor-version":[{"id":920,"href":"https:\/\/spturza.pl\/index.php\/wp-json\/wp\/v2\/posts\/918\/revisions\/920"}],"wp:attachment":[{"href":"https:\/\/spturza.pl\/index.php\/wp-json\/wp\/v2\/media?parent=918"}],"wp:term":[{"taxonomy":"category","embeddable":true,"href":"https:\/\/spturza.pl\/index.php\/wp-json\/wp\/v2\/categories?post=918"},{"taxonomy":"post_tag","embeddable":true,"href":"https:\/\/spturza.pl\/index.php\/wp-json\/wp\/v2\/tags?post=918"}],"curies":[{"name":"wp","href":"https:\/\/api.w.org\/{rel}","templated":true}]}}