{"id":5919,"date":"2026-04-21T06:49:05","date_gmt":"2026-04-21T04:49:05","guid":{"rendered":"https:\/\/spturza.pl\/?p=5919"},"modified":"2026-04-22T06:50:58","modified_gmt":"2026-04-22T04:50:58","slug":"dzien-ziemi-3","status":"publish","type":"post","link":"https:\/\/spturza.pl\/index.php\/2026\/04\/21\/dzien-ziemi-3\/","title":{"rendered":"Dzie\u0144 Ziemi"},"content":{"rendered":"\n<p>21 kwietnia w naszej szkole odby\u0142o si\u0119 przedstawienie z okazji Dnia Ziemi, przygotowane przez uczni\u00f3w klasy czwartej. Czwartoklasi\u015bci zaprezentowali program artystyczny o tematyce ekologicznej. Wcielili si\u0119 w role kosmit\u00f3w przybywaj\u0105cych na planet\u0119 Ziemi\u0119, kt\u00f3rzy poznawali, czym jest przyroda oraz jak mo\u017cemy dba\u0107 o nasz\u0105 planet\u0119. Uczniowie za\u015bpiewali piosenki przyrodnicze, przy akompaniamencie Pana Tomasza Burkota. Uzupe\u0142nieniem przedstawienia by\u0142 film edukacyjny pokazuj\u0105cy, w jaki spos\u00f3b mo\u017cemy oszcz\u0119dza\u0107 wod\u0119 na co dzie\u0144. Serdecznie dzi\u0119kujemy uczniom klasy 4 za przypomnienie, jak wa\u017cna jest ekologia i troska o \u015brodowisko naturalne. Swoj\u0105 obecno\u015bci\u0105 zaszczyci\u0142 nas Pan W\u00f3jt Matek Kara\u015b, kt\u00f3ry w przem\u00f3wieniu r\u00f3wnie\u017c podkre\u015bli\u0142 czym jest ekologia.&nbsp;<\/p>\n\n\n\n<p>Po zako\u0144czeniu przedstawienia uczniowie klasy \u00f3smej posadzili przed szko\u0142\u0105 drzewo, symbolicznie podkre\u015blaj\u0105c znaczenie dbania o nasz\u0105 planet\u0119.<\/p>\n\n\n\n<p><\/p>\n","protected":false},"excerpt":{"rendered":"<p>21 kwietnia w naszej szkole odby\u0142o si\u0119 przedstawienie z okazji Dnia Ziemi, przygotowane przez uczni\u00f3w klasy czwartej. Czwartoklasi\u015bci zaprezentowali program artystyczny o tematyce ekologicznej. Wcielili si\u0119 w role kosmit\u00f3w przybywaj\u0105cych na planet\u0119 Ziemi\u0119, kt\u00f3rzy poznawali, czym jest przyroda oraz jak mo\u017cemy dba\u0107 o nasz\u0105 planet\u0119. Uczniowie za\u015bpiewali piosenki przyrodnicze, przy akompaniamencie Pana Tomasza Burkota. Uzupe\u0142nieniem &hellip; <\/p>\n<p><a class=\"more-link btn\" href=\"https:\/\/spturza.pl\/index.php\/2026\/04\/21\/dzien-ziemi-3\/\">Kontynuuj czytanie<\/a><\/p>\n","protected":false},"author":4,"featured_media":5920,"comment_status":"closed","ping_status":"closed","sticky":false,"template":"","format":"standard","meta":{"ngg_post_thumbnail":0,"footnotes":""},"categories":[20],"tags":[],"class_list":["post-5919","post","type-post","status-publish","format-standard","has-post-thumbnail","hentry","category-aktualnosci","item-wrap"],"_links":{"self":[{"href":"https:\/\/spturza.pl\/index.php\/wp-json\/wp\/v2\/posts\/5919","targetHints":{"allow":["GET"]}}],"collection":[{"href":"https:\/\/spturza.pl\/index.php\/wp-json\/wp\/v2\/posts"}],"about":[{"href":"https:\/\/spturza.pl\/index.php\/wp-json\/wp\/v2\/types\/post"}],"author":[{"embeddable":true,"href":"https:\/\/spturza.pl\/index.php\/wp-json\/wp\/v2\/users\/4"}],"replies":[{"embeddable":true,"href":"https:\/\/spturza.pl\/index.php\/wp-json\/wp\/v2\/comments?post=5919"}],"version-history":[{"count":1,"href":"https:\/\/spturza.pl\/index.php\/wp-json\/wp\/v2\/posts\/5919\/revisions"}],"predecessor-version":[{"id":5921,"href":"https:\/\/spturza.pl\/index.php\/wp-json\/wp\/v2\/posts\/5919\/revisions\/5921"}],"wp:featuredmedia":[{"embeddable":true,"href":"https:\/\/spturza.pl\/index.php\/wp-json\/wp\/v2\/media\/5920"}],"wp:attachment":[{"href":"https:\/\/spturza.pl\/index.php\/wp-json\/wp\/v2\/media?parent=5919"}],"wp:term":[{"taxonomy":"category","embeddable":true,"href":"https:\/\/spturza.pl\/index.php\/wp-json\/wp\/v2\/categories?post=5919"},{"taxonomy":"post_tag","embeddable":true,"href":"https:\/\/spturza.pl\/index.php\/wp-json\/wp\/v2\/tags?post=5919"}],"curies":[{"name":"wp","href":"https:\/\/api.w.org\/{rel}","templated":true}]}}