{"id":5087,"date":"2025-11-28T19:33:42","date_gmt":"2025-11-28T18:33:42","guid":{"rendered":"https:\/\/spturza.pl\/?p=5087"},"modified":"2025-12-16T19:51:43","modified_gmt":"2025-12-16T18:51:43","slug":"dziady-cz-ii","status":"publish","type":"post","link":"https:\/\/spturza.pl\/index.php\/2025\/11\/28\/dziady-cz-ii\/","title":{"rendered":"Dziady cz.II"},"content":{"rendered":"\n<p>28 listopada 2025 roku, spo\u0142eczno\u015b\u0107 szkolna, wzi\u0119\u0142a udzia\u0142 w przedstawieniu \u201eDziady\u201d cz\u0119\u015b\u0107 II. Uczniowie nale\u017c\u0105cy do Szkolnego Ko\u0142a Teatralnego, przenie\u015bli nas w mickiewiczowski \u015bwiat wierze\u0144 i moralno\u015bci. Obrz\u0119d Dziad\u00f3w to uroczysto\u015b\u0107 wywodz\u0105ca si\u0119 z&nbsp; poga\u0144skich praktyk, kt\u00f3ra \u0142\u0105czy si\u0119 z elementami religii chrze\u015bcija\u0144skiej. Odbywa\u0142a si\u0119 w kaplicy na cmentarzu w czasie zbli\u017conym do Dnia Zaduszek. Obrz\u0119d polega\u0142 na wywo\u0142ywaniu przez posp\u00f3lstwo duch\u00f3w zmar\u0142ych i cz\u0119stowaniu ich potrawami i napitkiem, co mia\u0142o przynie\u015b\u0107 ulg\u0119 duszom czy\u015b\u0107cowym. <\/p>\n\n\n\n<p>Na scenie kolejno pojawia\u0142y si\u0119 duchy przywo\u0142ywane przez Gu\u015blarza, a wszystkim obrz\u0119dom towarzyszy\u0142y pot\u0119guj\u0105ce nastr\u00f3j s\u0142owa Ch\u00f3ru: ,,Ciemno wsz\u0119dzie, g\u0142ucho wsz\u0119dzie\u2026\u201d<\/p>\n\n\n\n<p>Ta lekcja zapewne pozostanie wszystkim na d\u0142ugo w pami\u0119ci.<\/p>\n\n\n\nngg_shortcode_0_placeholder\n","protected":false},"excerpt":{"rendered":"<p>28 listopada 2025 roku, spo\u0142eczno\u015b\u0107 szkolna, wzi\u0119\u0142a udzia\u0142 w przedstawieniu \u201eDziady\u201d cz\u0119\u015b\u0107 II. Uczniowie nale\u017c\u0105cy do Szkolnego Ko\u0142a Teatralnego, przenie\u015bli nas w mickiewiczowski \u015bwiat wierze\u0144 i moralno\u015bci. Obrz\u0119d Dziad\u00f3w to uroczysto\u015b\u0107 wywodz\u0105ca si\u0119 z&nbsp; poga\u0144skich praktyk, kt\u00f3ra \u0142\u0105czy si\u0119 z elementami religii chrze\u015bcija\u0144skiej. Odbywa\u0142a si\u0119 w kaplicy na cmentarzu w czasie zbli\u017conym do Dnia Zaduszek. &hellip; <\/p>\n<p><a class=\"more-link btn\" href=\"https:\/\/spturza.pl\/index.php\/2025\/11\/28\/dziady-cz-ii\/\">Kontynuuj czytanie<\/a><\/p>\n","protected":false},"author":4,"featured_media":5089,"comment_status":"closed","ping_status":"closed","sticky":false,"template":"","format":"standard","meta":{"ngg_post_thumbnail":0,"footnotes":""},"categories":[20],"tags":[],"class_list":["post-5087","post","type-post","status-publish","format-standard","has-post-thumbnail","hentry","category-aktualnosci","item-wrap"],"_links":{"self":[{"href":"https:\/\/spturza.pl\/index.php\/wp-json\/wp\/v2\/posts\/5087","targetHints":{"allow":["GET"]}}],"collection":[{"href":"https:\/\/spturza.pl\/index.php\/wp-json\/wp\/v2\/posts"}],"about":[{"href":"https:\/\/spturza.pl\/index.php\/wp-json\/wp\/v2\/types\/post"}],"author":[{"embeddable":true,"href":"https:\/\/spturza.pl\/index.php\/wp-json\/wp\/v2\/users\/4"}],"replies":[{"embeddable":true,"href":"https:\/\/spturza.pl\/index.php\/wp-json\/wp\/v2\/comments?post=5087"}],"version-history":[{"count":2,"href":"https:\/\/spturza.pl\/index.php\/wp-json\/wp\/v2\/posts\/5087\/revisions"}],"predecessor-version":[{"id":5105,"href":"https:\/\/spturza.pl\/index.php\/wp-json\/wp\/v2\/posts\/5087\/revisions\/5105"}],"wp:featuredmedia":[{"embeddable":true,"href":"https:\/\/spturza.pl\/index.php\/wp-json\/wp\/v2\/media\/5089"}],"wp:attachment":[{"href":"https:\/\/spturza.pl\/index.php\/wp-json\/wp\/v2\/media?parent=5087"}],"wp:term":[{"taxonomy":"category","embeddable":true,"href":"https:\/\/spturza.pl\/index.php\/wp-json\/wp\/v2\/categories?post=5087"},{"taxonomy":"post_tag","embeddable":true,"href":"https:\/\/spturza.pl\/index.php\/wp-json\/wp\/v2\/tags?post=5087"}],"curies":[{"name":"wp","href":"https:\/\/api.w.org\/{rel}","templated":true}]}}