{"id":2908,"date":"2024-06-21T23:24:54","date_gmt":"2024-06-21T21:24:54","guid":{"rendered":"https:\/\/spturza.pl\/?p=2908"},"modified":"2024-10-09T23:56:21","modified_gmt":"2024-10-09T21:56:21","slug":"uroczyste-zakonczenie-roku-szkolnego-2023-2024","status":"publish","type":"post","link":"https:\/\/spturza.pl\/index.php\/2024\/06\/21\/uroczyste-zakonczenie-roku-szkolnego-2023-2024\/","title":{"rendered":"Uroczyste zako\u0144czenie roku szkolnego 2023\/2024"},"content":{"rendered":"\n<p>21 czerwca 2024r. nadszed\u0142 d\u0142ugo oczekiwany czas zako\u0144czenia roku szkolnego 2023\/2024. W uroczysto\u015bci udzia\u0142 wzi\u0119li uczniowie, nauczyciele, dyrekcja, rodzice oraz zaproszeni go\u015bcie. Delegaci w\u0142adz gminnych, na czele z panem w\u00f3jtem Markiem Karasiem podzi\u0119kowali pani dyrektor Jadwidze Rybie za prac\u0119 na rzecz szkolnictwa, wychowania i opieki m\u0142odzie\u017cy. Do podzi\u0119kowa\u0144 i \u017cycze\u0144 przy\u0142\u0105czyli si\u0119 przedstawiciele nauczycieli i pracownik\u00f3w szko\u0142y, uczni\u00f3w, rodzic\u00f3w, stra\u017cy po\u017carnej oraz pani so\u0142tys. Nast\u0119pnie cz\u0119\u015b\u0107 artystyczn\u0105 przedstawi\u0142a klasa VIII. Kolejno nast\u0105pi\u0142o po\u017cegnanie klasy VIII i wr\u0119czenie \u015bwiadectw oraz nagr\u00f3d ksi\u0105\u017ckowych za osi\u0105gni\u0119cia w nauce.<\/p>\n\n\n\n<p>S\u0142onecznych i&nbsp;bezpiecznych wakacji! Do zobaczenia we wrze\u015bniu!<\/p>\n\n\n\nngg_shortcode_0_placeholder\n","protected":false},"excerpt":{"rendered":"<p>21 czerwca 2024r. nadszed\u0142 d\u0142ugo oczekiwany czas zako\u0144czenia roku szkolnego 2023\/2024. W uroczysto\u015bci udzia\u0142 wzi\u0119li uczniowie, nauczyciele, dyrekcja, rodzice oraz zaproszeni go\u015bcie. Delegaci w\u0142adz gminnych, na czele z panem w\u00f3jtem Markiem Karasiem podzi\u0119kowali pani dyrektor Jadwidze Rybie za prac\u0119 na rzecz szkolnictwa, wychowania i opieki m\u0142odzie\u017cy. Do podzi\u0119kowa\u0144 i \u017cycze\u0144 przy\u0142\u0105czyli si\u0119 przedstawiciele nauczycieli i &hellip; <\/p>\n<p><a class=\"more-link btn\" href=\"https:\/\/spturza.pl\/index.php\/2024\/06\/21\/uroczyste-zakonczenie-roku-szkolnego-2023-2024\/\">Kontynuuj czytanie<\/a><\/p>\n","protected":false},"author":4,"featured_media":2911,"comment_status":"closed","ping_status":"closed","sticky":false,"template":"","format":"standard","meta":{"ngg_post_thumbnail":0,"footnotes":""},"categories":[20],"tags":[],"class_list":["post-2908","post","type-post","status-publish","format-standard","has-post-thumbnail","hentry","category-aktualnosci","item-wrap"],"_links":{"self":[{"href":"https:\/\/spturza.pl\/index.php\/wp-json\/wp\/v2\/posts\/2908","targetHints":{"allow":["GET"]}}],"collection":[{"href":"https:\/\/spturza.pl\/index.php\/wp-json\/wp\/v2\/posts"}],"about":[{"href":"https:\/\/spturza.pl\/index.php\/wp-json\/wp\/v2\/types\/post"}],"author":[{"embeddable":true,"href":"https:\/\/spturza.pl\/index.php\/wp-json\/wp\/v2\/users\/4"}],"replies":[{"embeddable":true,"href":"https:\/\/spturza.pl\/index.php\/wp-json\/wp\/v2\/comments?post=2908"}],"version-history":[{"count":3,"href":"https:\/\/spturza.pl\/index.php\/wp-json\/wp\/v2\/posts\/2908\/revisions"}],"predecessor-version":[{"id":2930,"href":"https:\/\/spturza.pl\/index.php\/wp-json\/wp\/v2\/posts\/2908\/revisions\/2930"}],"wp:featuredmedia":[{"embeddable":true,"href":"https:\/\/spturza.pl\/index.php\/wp-json\/wp\/v2\/media\/2911"}],"wp:attachment":[{"href":"https:\/\/spturza.pl\/index.php\/wp-json\/wp\/v2\/media?parent=2908"}],"wp:term":[{"taxonomy":"category","embeddable":true,"href":"https:\/\/spturza.pl\/index.php\/wp-json\/wp\/v2\/categories?post=2908"},{"taxonomy":"post_tag","embeddable":true,"href":"https:\/\/spturza.pl\/index.php\/wp-json\/wp\/v2\/tags?post=2908"}],"curies":[{"name":"wp","href":"https:\/\/api.w.org\/{rel}","templated":true}]}}