{"id":2605,"date":"2024-09-02T17:14:18","date_gmt":"2024-09-02T15:14:18","guid":{"rendered":"https:\/\/spturza.pl\/?p=2605"},"modified":"2024-10-09T16:55:01","modified_gmt":"2024-10-09T14:55:01","slug":"uroczyste-rozpoczecie-roku-szkolnego-2024-2025","status":"publish","type":"post","link":"https:\/\/spturza.pl\/index.php\/2024\/09\/02\/uroczyste-rozpoczecie-roku-szkolnego-2024-2025\/","title":{"rendered":"Uroczyste rozpocz\u0119cie roku szkolnego 2024\/2025"},"content":{"rendered":"\n<p>W poniedzia\u0142ek 2 wrze\u015bnia 2024 r. w odby\u0142o si\u0119 uroczyste rozpocz\u0119cie roku szkolnego 2024\/2025. Po mszy \u015bwi\u0119tej udali\u015bmy si\u0119 do szko\u0142y, gdzie odby\u0142a si\u0119 dalsza cz\u0119\u015b\u0107 inauguracyjna. Podczas apelu zosta\u0142 od\u015bpiewany hymn pa\u0144stwowy, nast\u0119pnie Pani Dyrektor Jadwiga Ryba oficjalnie przywita\u0142a wszystkich zgromadzonych, nauczycieli, rodzic\u00f3w oraz uczni\u00f3w a w szczeg\u00f3lno\u015bci tych, kt\u00f3rzy po raz pierwszy przywitali szkolne mury. Wszystkim uczniom \u017cyczy\u0142a, aby ten nowy rok szkolny by\u0142 czasem odkrywania nowych pasji i zainteresowa\u0144, budowania warto\u015bciowych relacji kole\u017ce\u0144skich, a podj\u0119ty wysi\u0142ek i trud prze\u0142o\u017cy\u0142 si\u0119 na wyniki, aby mogli cieszy\u0107 si\u0119 zdobyt\u0105 wiedz\u0105 oraz umiej\u0119tno\u015bciami.<\/p>\n\n\n\n<p><\/p>\n\n\n\nngg_shortcode_0_placeholder\n","protected":false},"excerpt":{"rendered":"<p>W poniedzia\u0142ek 2 wrze\u015bnia 2024 r. w odby\u0142o si\u0119 uroczyste rozpocz\u0119cie roku szkolnego 2024\/2025. Po mszy \u015bwi\u0119tej udali\u015bmy si\u0119 do szko\u0142y, gdzie odby\u0142a si\u0119 dalsza cz\u0119\u015b\u0107 inauguracyjna. Podczas apelu zosta\u0142 od\u015bpiewany hymn pa\u0144stwowy, nast\u0119pnie Pani Dyrektor Jadwiga Ryba oficjalnie przywita\u0142a wszystkich zgromadzonych, nauczycieli, rodzic\u00f3w oraz uczni\u00f3w a w szczeg\u00f3lno\u015bci tych, kt\u00f3rzy po raz pierwszy przywitali &hellip; <\/p>\n<p><a class=\"more-link btn\" href=\"https:\/\/spturza.pl\/index.php\/2024\/09\/02\/uroczyste-rozpoczecie-roku-szkolnego-2024-2025\/\">Kontynuuj czytanie<\/a><\/p>\n","protected":false},"author":4,"featured_media":2608,"comment_status":"closed","ping_status":"closed","sticky":false,"template":"","format":"standard","meta":{"ngg_post_thumbnail":0,"footnotes":""},"categories":[20],"tags":[],"class_list":["post-2605","post","type-post","status-publish","format-standard","has-post-thumbnail","hentry","category-aktualnosci","item-wrap"],"_links":{"self":[{"href":"https:\/\/spturza.pl\/index.php\/wp-json\/wp\/v2\/posts\/2605","targetHints":{"allow":["GET"]}}],"collection":[{"href":"https:\/\/spturza.pl\/index.php\/wp-json\/wp\/v2\/posts"}],"about":[{"href":"https:\/\/spturza.pl\/index.php\/wp-json\/wp\/v2\/types\/post"}],"author":[{"embeddable":true,"href":"https:\/\/spturza.pl\/index.php\/wp-json\/wp\/v2\/users\/4"}],"replies":[{"embeddable":true,"href":"https:\/\/spturza.pl\/index.php\/wp-json\/wp\/v2\/comments?post=2605"}],"version-history":[{"count":4,"href":"https:\/\/spturza.pl\/index.php\/wp-json\/wp\/v2\/posts\/2605\/revisions"}],"predecessor-version":[{"id":2681,"href":"https:\/\/spturza.pl\/index.php\/wp-json\/wp\/v2\/posts\/2605\/revisions\/2681"}],"wp:featuredmedia":[{"embeddable":true,"href":"https:\/\/spturza.pl\/index.php\/wp-json\/wp\/v2\/media\/2608"}],"wp:attachment":[{"href":"https:\/\/spturza.pl\/index.php\/wp-json\/wp\/v2\/media?parent=2605"}],"wp:term":[{"taxonomy":"category","embeddable":true,"href":"https:\/\/spturza.pl\/index.php\/wp-json\/wp\/v2\/categories?post=2605"},{"taxonomy":"post_tag","embeddable":true,"href":"https:\/\/spturza.pl\/index.php\/wp-json\/wp\/v2\/tags?post=2605"}],"curies":[{"name":"wp","href":"https:\/\/api.w.org\/{rel}","templated":true}]}}