{"id":2465,"date":"2024-06-07T06:08:49","date_gmt":"2024-06-07T04:08:49","guid":{"rendered":"https:\/\/spturza.pl\/?p=2465"},"modified":"2024-10-09T23:15:58","modified_gmt":"2024-10-09T21:15:58","slug":"dzien-rodziny","status":"publish","type":"post","link":"https:\/\/spturza.pl\/index.php\/2024\/06\/07\/dzien-rodziny\/","title":{"rendered":"Dzie\u0144 Rodziny"},"content":{"rendered":"\n<p>7 czerwca 2024 r. w naszej szkole odby\u0142 si\u0119 &#8220;Dzie\u0144 Rodziny&#8221;. By\u0142 to wspania\u0142y czas pe\u0142en rado\u015bci, u\u015bmiechu i wzrusze\u0144. Wszystkich zebranych powita\u0142a Pani Dyrektor. Nast\u0119pnie odby\u0142a si\u0119 cz\u0119\u015b\u0107 artystyczna. Dzieci piosenkami, ta\u0144cem i \u017cyczeniami podzi\u0119kowa\u0142y Rodzicom za mi\u0142o\u015b\u0107 i wychowanie. Nast\u0119pnie uczniowie szkolnego k\u00f3\u0142ka teatralnego wystawili przedstawienie \u201eKopciuszek\u201d w nowoczesnej wersji. &nbsp;W programie &#8220;Dnia Rodziny&#8221; znalaz\u0142y si\u0119 r\u00f3wnie\u017c konkursy i zabawy &nbsp;sportowe, wsp\u00f3lne ta\u0144ce integracyjne, a tak\u017ce pyszny pocz\u0119stunek.<\/p>\n\n\n\n<p>Dzi\u0119kujemy Pani Dyrektor, wszystkim Nauczycielom, Rodzicom i Uczniom za zaanga\u017cowanie w organizacj\u0119 &#8220;Dnia Rodziny&#8221; oraz liczny udzia\u0142 w uroczysto\u015bci.<\/p>\n\n\n\n<p>To by\u0142 wyj\u0105tkowy dzie\u0144!<\/p>\n\n\n\n<p>Kopciuszek fotorelacja <a href=\"https:\/\/spturza.pl\/index.php\/2023-24\/nggallery\/album1\/kopciuszek-dzien-rodziny-07-06-2024\"><strong>KLIKNIJ<\/strong><\/a><\/p>\n\n\n\n<p>Dzie\u0144 Rodziny fotorelacja <strong><a href=\"https:\/\/spturza.pl\/index.php\/2023-24\/nggallery\/album1\/dzien-rodziny-07-06-2024\">KLIKNIJ<\/a><\/strong><\/p>\n\n\n\nngg_shortcode_0_placeholder\n","protected":false},"excerpt":{"rendered":"<p>7 czerwca 2024 r. w naszej szkole odby\u0142 si\u0119 &#8220;Dzie\u0144 Rodziny&#8221;. By\u0142 to wspania\u0142y czas pe\u0142en rado\u015bci, u\u015bmiechu i wzrusze\u0144. Wszystkich zebranych powita\u0142a Pani Dyrektor. Nast\u0119pnie odby\u0142a si\u0119 cz\u0119\u015b\u0107 artystyczna. Dzieci piosenkami, ta\u0144cem i \u017cyczeniami podzi\u0119kowa\u0142y Rodzicom za mi\u0142o\u015b\u0107 i wychowanie. Nast\u0119pnie uczniowie szkolnego k\u00f3\u0142ka teatralnego wystawili przedstawienie \u201eKopciuszek\u201d w nowoczesnej wersji. &nbsp;W programie &#8220;Dnia &hellip; <\/p>\n<p><a class=\"more-link btn\" href=\"https:\/\/spturza.pl\/index.php\/2024\/06\/07\/dzien-rodziny\/\">Kontynuuj czytanie<\/a><\/p>\n","protected":false},"author":4,"featured_media":2903,"comment_status":"closed","ping_status":"closed","sticky":false,"template":"","format":"standard","meta":{"ngg_post_thumbnail":0,"footnotes":""},"categories":[20],"tags":[],"class_list":["post-2465","post","type-post","status-publish","format-standard","has-post-thumbnail","hentry","category-aktualnosci","item-wrap"],"_links":{"self":[{"href":"https:\/\/spturza.pl\/index.php\/wp-json\/wp\/v2\/posts\/2465","targetHints":{"allow":["GET"]}}],"collection":[{"href":"https:\/\/spturza.pl\/index.php\/wp-json\/wp\/v2\/posts"}],"about":[{"href":"https:\/\/spturza.pl\/index.php\/wp-json\/wp\/v2\/types\/post"}],"author":[{"embeddable":true,"href":"https:\/\/spturza.pl\/index.php\/wp-json\/wp\/v2\/users\/4"}],"replies":[{"embeddable":true,"href":"https:\/\/spturza.pl\/index.php\/wp-json\/wp\/v2\/comments?post=2465"}],"version-history":[{"count":4,"href":"https:\/\/spturza.pl\/index.php\/wp-json\/wp\/v2\/posts\/2465\/revisions"}],"predecessor-version":[{"id":2904,"href":"https:\/\/spturza.pl\/index.php\/wp-json\/wp\/v2\/posts\/2465\/revisions\/2904"}],"wp:featuredmedia":[{"embeddable":true,"href":"https:\/\/spturza.pl\/index.php\/wp-json\/wp\/v2\/media\/2903"}],"wp:attachment":[{"href":"https:\/\/spturza.pl\/index.php\/wp-json\/wp\/v2\/media?parent=2465"}],"wp:term":[{"taxonomy":"category","embeddable":true,"href":"https:\/\/spturza.pl\/index.php\/wp-json\/wp\/v2\/categories?post=2465"},{"taxonomy":"post_tag","embeddable":true,"href":"https:\/\/spturza.pl\/index.php\/wp-json\/wp\/v2\/tags?post=2465"}],"curies":[{"name":"wp","href":"https:\/\/api.w.org\/{rel}","templated":true}]}}