{"id":2200,"date":"2023-11-23T23:51:31","date_gmt":"2023-11-23T22:51:31","guid":{"rendered":"https:\/\/spturza.pl\/?p=2200"},"modified":"2024-04-23T00:02:42","modified_gmt":"2024-04-22T22:02:42","slug":"250-rocznica-powstania-ken","status":"publish","type":"post","link":"https:\/\/spturza.pl\/index.php\/2023\/11\/23\/250-rocznica-powstania-ken\/","title":{"rendered":"250 rocznica powstania KEN"},"content":{"rendered":"\n<p>23 listopada 2023r. by\u0142 wyj\u0105tkowym dniem dla naszej spo\u0142eczno\u015bci szkolnej. W\u00a0tym dniu obchodzili\u015bmy\u00a0250 rocznic\u0119 powstania Komisji Edukacji Narodowej.\u00a0Uroczyste obchody 250-lecia powstania KEN by\u0142y nie\u00a0tylko\u00a0okazj\u0105 do\u00a0uczczenia wa\u017cnej rocznicy, ale\u00a0tak\u017ce wyrazem wdzi\u0119czno\u015bci wobec nauczycieli, kt\u00f3rzy\u00a0codziennie pracowali i pracuj\u0105 na\u00a0rzecz rozwoju i\u00a0edukacji uczni\u00f3w.<\/p>\n\n\n\n<figure class=\"wp-block-image size-large\"><img fetchpriority=\"high\" decoding=\"async\" width=\"1024\" height=\"684\" src=\"https:\/\/spturza.pl\/wp-content\/uploads\/2024\/04\/DSC_0145-1024x684.jpg\" alt=\"\" class=\"wp-image-2201\" srcset=\"https:\/\/spturza.pl\/wp-content\/uploads\/2024\/04\/DSC_0145-1024x684.jpg 1024w, https:\/\/spturza.pl\/wp-content\/uploads\/2024\/04\/DSC_0145-300x200.jpg 300w, https:\/\/spturza.pl\/wp-content\/uploads\/2024\/04\/DSC_0145-768x513.jpg 768w, https:\/\/spturza.pl\/wp-content\/uploads\/2024\/04\/DSC_0145-570x380.jpg 570w, https:\/\/spturza.pl\/wp-content\/uploads\/2024\/04\/DSC_0145.jpg 1200w\" sizes=\"(max-width: 1024px) 100vw, 1024px\" \/><\/figure>\n","protected":false},"excerpt":{"rendered":"<p>23 listopada 2023r. by\u0142 wyj\u0105tkowym dniem dla naszej spo\u0142eczno\u015bci szkolnej. W\u00a0tym dniu obchodzili\u015bmy\u00a0250 rocznic\u0119 powstania Komisji Edukacji Narodowej.\u00a0Uroczyste obchody 250-lecia powstania KEN by\u0142y nie\u00a0tylko\u00a0okazj\u0105 do\u00a0uczczenia wa\u017cnej rocznicy, ale\u00a0tak\u017ce wyrazem wdzi\u0119czno\u015bci wobec nauczycieli, kt\u00f3rzy\u00a0codziennie pracowali i pracuj\u0105 na\u00a0rzecz rozwoju i\u00a0edukacji uczni\u00f3w.<\/p>\n","protected":false},"author":4,"featured_media":0,"comment_status":"closed","ping_status":"closed","sticky":false,"template":"","format":"standard","meta":{"ngg_post_thumbnail":0,"footnotes":""},"categories":[20],"tags":[],"class_list":["post-2200","post","type-post","status-publish","format-standard","hentry","category-aktualnosci","item-wrap"],"_links":{"self":[{"href":"https:\/\/spturza.pl\/index.php\/wp-json\/wp\/v2\/posts\/2200","targetHints":{"allow":["GET"]}}],"collection":[{"href":"https:\/\/spturza.pl\/index.php\/wp-json\/wp\/v2\/posts"}],"about":[{"href":"https:\/\/spturza.pl\/index.php\/wp-json\/wp\/v2\/types\/post"}],"author":[{"embeddable":true,"href":"https:\/\/spturza.pl\/index.php\/wp-json\/wp\/v2\/users\/4"}],"replies":[{"embeddable":true,"href":"https:\/\/spturza.pl\/index.php\/wp-json\/wp\/v2\/comments?post=2200"}],"version-history":[{"count":1,"href":"https:\/\/spturza.pl\/index.php\/wp-json\/wp\/v2\/posts\/2200\/revisions"}],"predecessor-version":[{"id":2202,"href":"https:\/\/spturza.pl\/index.php\/wp-json\/wp\/v2\/posts\/2200\/revisions\/2202"}],"wp:attachment":[{"href":"https:\/\/spturza.pl\/index.php\/wp-json\/wp\/v2\/media?parent=2200"}],"wp:term":[{"taxonomy":"category","embeddable":true,"href":"https:\/\/spturza.pl\/index.php\/wp-json\/wp\/v2\/categories?post=2200"},{"taxonomy":"post_tag","embeddable":true,"href":"https:\/\/spturza.pl\/index.php\/wp-json\/wp\/v2\/tags?post=2200"}],"curies":[{"name":"wp","href":"https:\/\/api.w.org\/{rel}","templated":true}]}}