{"id":2143,"date":"2024-04-12T22:33:12","date_gmt":"2024-04-12T20:33:12","guid":{"rendered":"https:\/\/spturza.pl\/?p=2143"},"modified":"2024-04-22T22:45:27","modified_gmt":"2024-04-22T20:45:27","slug":"szkolny-konkurs-recytatorski-poezji-i-prozy-dzieciecej-dla-klas-i-iii","status":"publish","type":"post","link":"https:\/\/spturza.pl\/index.php\/2024\/04\/12\/szkolny-konkurs-recytatorski-poezji-i-prozy-dzieciecej-dla-klas-i-iii\/","title":{"rendered":"Szkolny Konkurs Recytatorski Poezji i Prozy Dzieci\u0119cej dla klas I-III"},"content":{"rendered":"\n<p>12 kwietnia 2024r. w naszej szkole odby\u0142 si\u0119 Szkolny Konkurs Recytatorski Poezji i Prozy Dzieci\u0119cej zorganizowany dla uczni\u00f3w klas I-III. W konkursie wzi\u0119\u0142o udzia\u0142 17 uczni\u00f3w. Celem konkursu by\u0142o propagowanie pi\u0119kna poezji i prozy dzieci\u0119cej, doskonalenie umiej\u0119tno\u015bci recytatorskich, upowszechnianie kultury \u017cywego s\u0142owa w\u015br\u00f3d dzieci. Komisja konkursowa mia\u0142a nie lada wyzwanie a decyzja nie by\u0142a prosta. Wy\u0142oniono pi\u0119ciu laureat\u00f3w: Izabela Wa\u0142\u0119ga, Izabela Szczerba, Adam Muszko, Hubert Jarocha, Maja Pakulska-Janus. Wszyscy uczestnicy otrzymali dyplomy a najlepsi recytatorzy nagrody ksi\u0105\u017ckowe. Gratulujemy!<\/p>\n\n\n\n<figure class=\"wp-block-image size-large\"><img fetchpriority=\"high\" decoding=\"async\" width=\"1024\" height=\"684\" src=\"https:\/\/spturza.pl\/wp-content\/uploads\/2024\/04\/DSC_1016-1024x684.jpg\" alt=\"\" class=\"wp-image-2144\" srcset=\"https:\/\/spturza.pl\/wp-content\/uploads\/2024\/04\/DSC_1016-1024x684.jpg 1024w, https:\/\/spturza.pl\/wp-content\/uploads\/2024\/04\/DSC_1016-300x200.jpg 300w, https:\/\/spturza.pl\/wp-content\/uploads\/2024\/04\/DSC_1016-768x513.jpg 768w, https:\/\/spturza.pl\/wp-content\/uploads\/2024\/04\/DSC_1016-570x380.jpg 570w, https:\/\/spturza.pl\/wp-content\/uploads\/2024\/04\/DSC_1016.jpg 1200w\" sizes=\"(max-width: 1024px) 100vw, 1024px\" \/><\/figure>\n","protected":false},"excerpt":{"rendered":"<p>12 kwietnia 2024r. w naszej szkole odby\u0142 si\u0119 Szkolny Konkurs Recytatorski Poezji i Prozy Dzieci\u0119cej zorganizowany dla uczni\u00f3w klas I-III. W konkursie wzi\u0119\u0142o udzia\u0142 17 uczni\u00f3w. Celem konkursu by\u0142o propagowanie pi\u0119kna poezji i prozy dzieci\u0119cej, doskonalenie umiej\u0119tno\u015bci recytatorskich, upowszechnianie kultury \u017cywego s\u0142owa w\u015br\u00f3d dzieci. Komisja konkursowa mia\u0142a nie lada wyzwanie a decyzja nie by\u0142a prosta. &hellip; <\/p>\n<p><a class=\"more-link btn\" href=\"https:\/\/spturza.pl\/index.php\/2024\/04\/12\/szkolny-konkurs-recytatorski-poezji-i-prozy-dzieciecej-dla-klas-i-iii\/\">Kontynuuj czytanie<\/a><\/p>\n","protected":false},"author":4,"featured_media":0,"comment_status":"closed","ping_status":"closed","sticky":false,"template":"","format":"standard","meta":{"ngg_post_thumbnail":0,"footnotes":""},"categories":[20,28],"tags":[],"class_list":["post-2143","post","type-post","status-publish","format-standard","hentry","category-aktualnosci","category-konkursy","item-wrap"],"_links":{"self":[{"href":"https:\/\/spturza.pl\/index.php\/wp-json\/wp\/v2\/posts\/2143","targetHints":{"allow":["GET"]}}],"collection":[{"href":"https:\/\/spturza.pl\/index.php\/wp-json\/wp\/v2\/posts"}],"about":[{"href":"https:\/\/spturza.pl\/index.php\/wp-json\/wp\/v2\/types\/post"}],"author":[{"embeddable":true,"href":"https:\/\/spturza.pl\/index.php\/wp-json\/wp\/v2\/users\/4"}],"replies":[{"embeddable":true,"href":"https:\/\/spturza.pl\/index.php\/wp-json\/wp\/v2\/comments?post=2143"}],"version-history":[{"count":1,"href":"https:\/\/spturza.pl\/index.php\/wp-json\/wp\/v2\/posts\/2143\/revisions"}],"predecessor-version":[{"id":2145,"href":"https:\/\/spturza.pl\/index.php\/wp-json\/wp\/v2\/posts\/2143\/revisions\/2145"}],"wp:attachment":[{"href":"https:\/\/spturza.pl\/index.php\/wp-json\/wp\/v2\/media?parent=2143"}],"wp:term":[{"taxonomy":"category","embeddable":true,"href":"https:\/\/spturza.pl\/index.php\/wp-json\/wp\/v2\/categories?post=2143"},{"taxonomy":"post_tag","embeddable":true,"href":"https:\/\/spturza.pl\/index.php\/wp-json\/wp\/v2\/tags?post=2143"}],"curies":[{"name":"wp","href":"https:\/\/api.w.org\/{rel}","templated":true}]}}