{"id":2102,"date":"2024-04-19T21:34:04","date_gmt":"2024-04-19T19:34:04","guid":{"rendered":"https:\/\/spturza.pl\/?p=2102"},"modified":"2024-04-22T21:42:03","modified_gmt":"2024-04-22T19:42:03","slug":"miedzyszkolny-konkurs-recytatorski-poezji-jana-pawla-ii","status":"publish","type":"post","link":"https:\/\/spturza.pl\/index.php\/2024\/04\/19\/miedzyszkolny-konkurs-recytatorski-poezji-jana-pawla-ii\/","title":{"rendered":"Mi\u0119dzyszkolny konkurs recytatorski poezji Jana Paw\u0142a II"},"content":{"rendered":"\n<p>19 kwietnia 2024r. w Szkole Podstawowej w Olszynach odby\u0142 si\u0119 Mi\u0119dzyszkolny konkurs recytatorski poezji Jana Paw\u0142a II pod has\u0142em: \u201eCz\u0142owieka trzeba mierzy\u0107 miar\u0105 serca &#8211; sercem\u201d &#8211; Jan Pawe\u0142 II.<\/p>\n\n\n\n<p>W konkursie udzia\u0142 wzi\u0119\u0142y: Julia Muszko i Martyna Winiarska. Julia zdoby\u0142a II miejsce. Serdecznie gratulujemy!<\/p>\n\n\n\n<p><em>Zdj. Gad\u017cetka SP Olszyny<\/em><\/p>\n\n\n\n<figure class=\"wp-block-image size-large\"><img fetchpriority=\"high\" decoding=\"async\" width=\"1024\" height=\"766\" src=\"https:\/\/spturza.pl\/wp-content\/uploads\/2024\/04\/FB_IMG_1713813855204-1024x766.jpg\" alt=\"\" class=\"wp-image-2103\" srcset=\"https:\/\/spturza.pl\/wp-content\/uploads\/2024\/04\/FB_IMG_1713813855204-1024x766.jpg 1024w, https:\/\/spturza.pl\/wp-content\/uploads\/2024\/04\/FB_IMG_1713813855204-300x224.jpg 300w, https:\/\/spturza.pl\/wp-content\/uploads\/2024\/04\/FB_IMG_1713813855204-768x575.jpg 768w, https:\/\/spturza.pl\/wp-content\/uploads\/2024\/04\/FB_IMG_1713813855204-570x426.jpg 570w, https:\/\/spturza.pl\/wp-content\/uploads\/2024\/04\/FB_IMG_1713813855204.jpg 1080w\" sizes=\"(max-width: 1024px) 100vw, 1024px\" \/><\/figure>\n","protected":false},"excerpt":{"rendered":"<p>19 kwietnia 2024r. w Szkole Podstawowej w Olszynach odby\u0142 si\u0119 Mi\u0119dzyszkolny konkurs recytatorski poezji Jana Paw\u0142a II pod has\u0142em: \u201eCz\u0142owieka trzeba mierzy\u0107 miar\u0105 serca &#8211; sercem\u201d &#8211; Jan Pawe\u0142 II. W konkursie udzia\u0142 wzi\u0119\u0142y: Julia Muszko i Martyna Winiarska. Julia zdoby\u0142a II miejsce. Serdecznie gratulujemy! Zdj. Gad\u017cetka SP Olszyny<\/p>\n","protected":false},"author":4,"featured_media":0,"comment_status":"closed","ping_status":"closed","sticky":false,"template":"","format":"standard","meta":{"ngg_post_thumbnail":0,"footnotes":""},"categories":[20,28],"tags":[],"class_list":["post-2102","post","type-post","status-publish","format-standard","hentry","category-aktualnosci","category-konkursy","item-wrap"],"_links":{"self":[{"href":"https:\/\/spturza.pl\/index.php\/wp-json\/wp\/v2\/posts\/2102","targetHints":{"allow":["GET"]}}],"collection":[{"href":"https:\/\/spturza.pl\/index.php\/wp-json\/wp\/v2\/posts"}],"about":[{"href":"https:\/\/spturza.pl\/index.php\/wp-json\/wp\/v2\/types\/post"}],"author":[{"embeddable":true,"href":"https:\/\/spturza.pl\/index.php\/wp-json\/wp\/v2\/users\/4"}],"replies":[{"embeddable":true,"href":"https:\/\/spturza.pl\/index.php\/wp-json\/wp\/v2\/comments?post=2102"}],"version-history":[{"count":2,"href":"https:\/\/spturza.pl\/index.php\/wp-json\/wp\/v2\/posts\/2102\/revisions"}],"predecessor-version":[{"id":2105,"href":"https:\/\/spturza.pl\/index.php\/wp-json\/wp\/v2\/posts\/2102\/revisions\/2105"}],"wp:attachment":[{"href":"https:\/\/spturza.pl\/index.php\/wp-json\/wp\/v2\/media?parent=2102"}],"wp:term":[{"taxonomy":"category","embeddable":true,"href":"https:\/\/spturza.pl\/index.php\/wp-json\/wp\/v2\/categories?post=2102"},{"taxonomy":"post_tag","embeddable":true,"href":"https:\/\/spturza.pl\/index.php\/wp-json\/wp\/v2\/tags?post=2102"}],"curies":[{"name":"wp","href":"https:\/\/api.w.org\/{rel}","templated":true}]}}